{"id":107,"date":"2020-06-09T19:31:17","date_gmt":"2020-06-09T18:31:17","guid":{"rendered":"http:\/\/centromaraspa.com\/blog\/?p=107"},"modified":"2020-06-18T23:33:54","modified_gmt":"2020-06-18T22:33:54","slug":"como-proteger-la-piel-en-el-verano-3","status":"publish","type":"post","link":"https:\/\/centromaraspa.com\/blog\/como-proteger-la-piel-en-el-verano-3\/","title":{"rendered":"C\u00f3mo proteger la piel en el verano"},"content":{"rendered":"\n<p>El verano&nbsp;es la mejor estaci\u00f3n del a\u00f1o, definitivamente.&nbsp;<strong>Mar<\/strong>,&nbsp;<strong>sal<\/strong>&nbsp;y&nbsp;<strong>sol<\/strong>, especialmente sol! Lo mejor para ti es saber <strong>c\u00f3mo proteger la piel en el verano<\/strong>.<\/p>\n\n\n\n<p>La&nbsp;<strong>exposici\u00f3n al sol<\/strong>&nbsp;es uno de los&nbsp;<strong>temas<\/strong>&nbsp;m\u00e1s apremiantes del per\u00edodo, ya que existen&nbsp;<strong>ventajas y desventajas para la salud de nuestra piel<\/strong>.&nbsp;Es por eso que debes tener cuidado con la forma en que te&nbsp;<strong>bronceas<\/strong>.<\/p>\n\n\n\n<h2>Ventajas y desventajas del sol en la piel<\/h2>\n\n\n\n<p>Puede haber algunos&nbsp;<strong>problemas<\/strong> para nuestra <strong>piel<\/strong>, incluido lo que trataremos en particular hoy ser\u00e1n las&nbsp;<strong>manchas solares<\/strong>.<\/p>\n\n\n\n<p>Es una <strong>discromia<\/strong>, o una <strong>alteraci\u00f3n de la pigmentaci\u00f3n de la piel<\/strong>.&nbsp;Pueden ocurrir en diferentes partes del <strong>cuerpo<\/strong>, pero las \u00e1reas m\u00e1s frecuentes son la&nbsp;<strong>cara<\/strong>&nbsp;y el&nbsp;<strong>cuello<\/strong>.<\/p>\n\n\n\n<p>Por lo general, los que aparecen en la cara se deben al <strong>mal funcionamiento de los melanocitos<\/strong>&nbsp;o las sustancias que protegen la epidermis de la&nbsp;<strong>luz solar<\/strong>. En este caso, pueden aparecer <strong>parches parduzcos<\/strong>&nbsp;o&nbsp;<strong>gris\u00e1ceos<\/strong>.<\/p>\n\n\n\n<h2>Soluciones para proteger la piel del sol<\/h2>\n\n\n\n<p>No te preocupes porque aqu\u00ed en&nbsp;<strong>Centro Mara Spa<\/strong>&nbsp;tenemos la soluci\u00f3n adecuada para <strong><a href=\"https:\/\/centromaraspa.com\/tratamientos\/\">eliminar estas imperfecciones antiest\u00e9ticas<\/a><\/strong>.<\/p>\n\n\n\n<p>\u00a1La <strong>crema adecuada<\/strong> y el tratamiento adecuado te dar\u00e1n la oportunidad de volver a&nbsp;<strong>brillar<\/strong>&nbsp;y tener una&nbsp;<strong>tez homog\u00e9nea y compacta<\/strong>!<\/p>\n\n\n\n<p>Y si tienes una piel sensible, puedes probar el<strong> <a href=\"https:\/\/centromaraspa.com\/reserva\/piel-sensible\/\">tratamiento facial para pieles sensibles<\/a><\/strong>, que te dejar\u00e1 la piel lista para el verano.<\/p>\n\n\n\n<p>Este tratamiento realiza una limpieza y desintoxicaci\u00f3n de las capas profundas de la piel, aportando adem\u00e1s hidrataci\u00f3n y equilibrando la piel a nivel hidro-lip\u00eddico y de pH. Elimina, adem\u00e1s, las c\u00e9lulas muertas, favoreciendo la oxigenaci\u00f3n y regulando la secreci\u00f3n seb\u00e1cea.<\/p>\n\n\n\n<h2>Tratamientos faciales para  proteger la piel del sol<\/h2>\n\n\n\n<div class=\"wp-container-4 wp-block-columns\">\n<div class=\"wp-container-1 wp-block-column\">\n<figure class=\"wp-block-image size-large\"><img src=\"https:\/\/centromaraspa.com\/wp-content\/uploads\/producto-anti-acne-300x300.jpg\" alt=\"\"\/><figcaption><br><\/figcaption><\/figure>\n\n\n\n<h3 class=\"has-text-align-center\"><a href=\"https:\/\/centromaraspa.com\/reserva\/anti-acne\/\">Tratamiento Anti-acn\u00e9<\/a><\/h3>\n<\/div>\n\n\n\n<div class=\"wp-container-2 wp-block-column\">\n<figure class=\"wp-block-image size-large\"><img src=\"https:\/\/centromaraspa.com\/wp-content\/uploads\/producto-gheisa-300x300.jpg\" alt=\"\"\/><figcaption><br><\/figcaption><\/figure>\n\n\n\n<h3 class=\"has-text-align-center\"><a href=\"https:\/\/centromaraspa.com\/reserva\/anti-age\/\">Tratamiento Anti-Age<\/a><\/h3>\n<\/div>\n\n\n\n<div class=\"wp-container-3 wp-block-column\">\n<figure class=\"wp-block-image size-large\"><img src=\"https:\/\/centromaraspa.com\/wp-content\/uploads\/producto-piel-grasa-300x300.jpg\" alt=\"\"\/><figcaption><br><\/figcaption><\/figure>\n\n\n\n<h3 class=\"has-text-align-center\"><a href=\"https:\/\/centromaraspa.com\/reserva\/piel-grasa\/\">Tratamiento Piel Grasa<\/a><\/h3>\n<\/div>\n<\/div>\n\n\n\n<p>\u00a1Quiz\u00e1s te est\u00e9s preguntando si existe la manera correcta de&nbsp;<strong>proteger la piel en el verano<\/strong>! <em>Obviamente:<\/em><\/p>\n\n\n\n<ul><li>Con el protector solar adecuado.<\/li><li>Adem\u00e1s, con unas buenas <a rel=\"noreferrer noopener\" href=\"https:\/\/www.aemps.gob.es\/informa\/notasinformativas\/cosmeticoshigiene\/2019-cosmeticoshigiene\/decalogo-de-la-aemps-para-tomar-el-sol-de-forma-segura\/\" target=\"_blank\">pr\u00e1cticas para tomar el sol de forma segura<\/a>.<\/li><li>Y con los cuidados y tratamientos especializados para la piel.<\/li><\/ul>\n\n\n\n<p>\u00bfQuieres saber m\u00e1s sobre<strong>&nbsp;\u201cC\u00f3mo proteger la piel en el verano\u201d<\/strong>?&nbsp; o \u00bfTe gustar\u00eda contarnos tu experiencia? D\u00e9janos tus comentarios y te respondemos. Gracias.<\/p>\n","protected":false},"excerpt":{"rendered":"<p>El verano&nbsp;es la mejor estaci\u00f3n del a\u00f1o, definitivamente.&nbsp;Mar,&nbsp;sal&nbsp;y&nbsp;sol, especialmente sol! Lo mejor para ti es saber c\u00f3mo proteger la piel en el verano. La&nbsp;exposici\u00f3n al sol&nbsp;es uno de los&nbsp;temas&nbsp;m\u00e1s apremiantes del per\u00edodo, ya que existen&nbsp;ventajas y desventajas para la salud de nuestra piel.&nbsp;Es por eso que debes tener cuidado con la forma en que te&nbsp;bronceas. &hellip;<\/p>\n<p class=\"read-more\"> <a class=\"\" href=\"https:\/\/centromaraspa.com\/blog\/como-proteger-la-piel-en-el-verano-3\/\"> <span class=\"screen-reader-text\">C\u00f3mo proteger la piel en el verano<\/span> Leer m\u00e1s &raquo;<\/a><\/p>\n","protected":false},"author":2,"featured_media":40,"comment_status":"open","ping_status":"closed","sticky":false,"template":"","format":"standard","meta":{"_monsterinsights_skip_tracking":false,"_monsterinsights_sitenote_active":false,"_monsterinsights_sitenote_note":"","_monsterinsights_sitenote_category":0,"site-sidebar-layout":"default","site-content-layout":"default","ast-global-header-display":"","ast-main-header-display":"","ast-hfb-above-header-display":"","ast-hfb-below-header-display":"","ast-hfb-mobile-header-display":"","site-post-title":"","ast-breadcrumbs-content":"","ast-featured-img":"","footer-sml-layout":"","theme-transparent-header-meta":"default","adv-header-id-meta":"","stick-header-meta":"","header-above-stick-meta":"","header-main-stick-meta":"","header-below-stick-meta":""},"categories":[6],"tags":[],"yoast_head":"<!-- This site is optimized with the Yoast SEO plugin v20.1 - https:\/\/yoast.com\/wordpress\/plugins\/seo\/ -->\n<title>Centro Mara Spa BLOG - C\u00f3mo proteger la piel en el verano<\/title>\n<meta name=\"description\" content=\"C\u00f3mo proteger la piel en el verano - El verano es la mejor estaci\u00f3n del a\u00f1o, definitivamente. Mar, sal y sol , especialmente sol! Lo mejor para ti es saber\" \/>\n<meta name=\"robots\" content=\"index, follow, max-snippet:-1, max-image-preview:large, max-video-preview:-1\" \/>\n<link rel=\"canonical\" href=\"http:\/\/centromaraspa.com\/blog\/como-proteger-la-piel-en-el-verano-3\/\" \/>\n<meta property=\"og:locale\" content=\"es_ES\" \/>\n<meta property=\"og:type\" content=\"article\" \/>\n<meta property=\"og:title\" content=\"Centro Mara Spa BLOG - C\u00f3mo proteger la piel en el verano\" \/>\n<meta property=\"og:description\" content=\"C\u00f3mo proteger la piel en el verano - El verano es la mejor estaci\u00f3n del a\u00f1o, definitivamente. Mar, sal y sol , especialmente sol! Lo mejor para ti es saber\" \/>\n<meta property=\"og:url\" content=\"http:\/\/centromaraspa.com\/blog\/como-proteger-la-piel-en-el-verano-3\/\" \/>\n<meta property=\"og:site_name\" content=\"Centro Mara Spa BLOG\" \/>\n<meta property=\"article:publisher\" content=\"https:\/\/es-es.facebook.com\/MaraCentroDeTerapiasNaturales\/\" \/>\n<meta property=\"article:published_time\" content=\"2020-06-09T18:31:17+00:00\" \/>\n<meta property=\"article:modified_time\" content=\"2020-06-18T22:33:54+00:00\" \/>\n<meta property=\"og:image\" content=\"http:\/\/centromaraspa.com\/blog\/wp-content\/uploads\/Portada-post-individual.jpg\" \/>\n\t<meta property=\"og:image:width\" content=\"750\" \/>\n\t<meta property=\"og:image:height\" content=\"500\" \/>\n\t<meta property=\"og:image:type\" content=\"image\/jpeg\" \/>\n<meta name=\"author\" content=\"Maribel\" \/>\n<meta name=\"twitter:card\" content=\"summary_large_image\" \/>\n<meta name=\"twitter:label1\" content=\"Escrito por\" \/>\n\t<meta name=\"twitter:data1\" content=\"Maribel\" \/>\n\t<meta name=\"twitter:label2\" content=\"Tiempo de lectura\" \/>\n\t<meta name=\"twitter:data2\" content=\"2 minutos\" \/>\n<script type=\"application\/ld+json\" class=\"yoast-schema-graph\">{\"@context\":\"https:\/\/schema.org\",\"@graph\":[{\"@type\":\"Article\",\"@id\":\"http:\/\/centromaraspa.com\/blog\/como-proteger-la-piel-en-el-verano-3\/#article\",\"isPartOf\":{\"@id\":\"http:\/\/centromaraspa.com\/blog\/como-proteger-la-piel-en-el-verano-3\/\"},\"author\":{\"name\":\"Maribel\",\"@id\":\"http:\/\/centromaraspa.com\/blog\/#\/schema\/person\/2f349ac3c65d712deebf1c4d94942df0\"},\"headline\":\"C\u00f3mo proteger la piel en el verano\",\"datePublished\":\"2020-06-09T18:31:17+00:00\",\"dateModified\":\"2020-06-18T22:33:54+00:00\",\"mainEntityOfPage\":{\"@id\":\"http:\/\/centromaraspa.com\/blog\/como-proteger-la-piel-en-el-verano-3\/\"},\"wordCount\":423,\"commentCount\":2,\"publisher\":{\"@id\":\"http:\/\/centromaraspa.com\/blog\/#organization\"},\"articleSection\":[\"Belleza\"],\"inLanguage\":\"es\",\"potentialAction\":[{\"@type\":\"CommentAction\",\"name\":\"Comment\",\"target\":[\"http:\/\/centromaraspa.com\/blog\/como-proteger-la-piel-en-el-verano-3\/#respond\"]}]},{\"@type\":\"WebPage\",\"@id\":\"http:\/\/centromaraspa.com\/blog\/como-proteger-la-piel-en-el-verano-3\/\",\"url\":\"http:\/\/centromaraspa.com\/blog\/como-proteger-la-piel-en-el-verano-3\/\",\"name\":\"Centro Mara Spa BLOG - C\u00f3mo proteger la piel en el verano\",\"isPartOf\":{\"@id\":\"http:\/\/centromaraspa.com\/blog\/#website\"},\"datePublished\":\"2020-06-09T18:31:17+00:00\",\"dateModified\":\"2020-06-18T22:33:54+00:00\",\"description\":\"C\u00f3mo proteger la piel en el verano - El verano es la mejor estaci\u00f3n del a\u00f1o, definitivamente. Mar, sal y sol , especialmente sol! Lo mejor para ti es saber\",\"breadcrumb\":{\"@id\":\"http:\/\/centromaraspa.com\/blog\/como-proteger-la-piel-en-el-verano-3\/#breadcrumb\"},\"inLanguage\":\"es\",\"potentialAction\":[{\"@type\":\"ReadAction\",\"target\":[\"http:\/\/centromaraspa.com\/blog\/como-proteger-la-piel-en-el-verano-3\/\"]}]},{\"@type\":\"BreadcrumbList\",\"@id\":\"http:\/\/centromaraspa.com\/blog\/como-proteger-la-piel-en-el-verano-3\/#breadcrumb\",\"itemListElement\":[{\"@type\":\"ListItem\",\"position\":1,\"name\":\"Inicio\",\"item\":\"http:\/\/centromaraspa.com\/blog\/\"},{\"@type\":\"ListItem\",\"position\":2,\"name\":\"Belleza\",\"item\":\"http:\/\/centromaraspa.com\/blog\/belleza\/\"},{\"@type\":\"ListItem\",\"position\":3,\"name\":\"C\u00f3mo proteger la piel en el verano\"}]},{\"@type\":\"WebSite\",\"@id\":\"http:\/\/centromaraspa.com\/blog\/#website\",\"url\":\"http:\/\/centromaraspa.com\/blog\/\",\"name\":\"Centro Mara Spa BLOG\",\"description\":\"Centro Mara Spa Blog Salud y Belleza\",\"publisher\":{\"@id\":\"http:\/\/centromaraspa.com\/blog\/#organization\"},\"potentialAction\":[{\"@type\":\"SearchAction\",\"target\":{\"@type\":\"EntryPoint\",\"urlTemplate\":\"http:\/\/centromaraspa.com\/blog\/?s={search_term_string}\"},\"query-input\":\"required name=search_term_string\"}],\"inLanguage\":\"es\"},{\"@type\":\"Organization\",\"@id\":\"http:\/\/centromaraspa.com\/blog\/#organization\",\"name\":\"Centro Mara Spa\",\"url\":\"http:\/\/centromaraspa.com\/blog\/\",\"logo\":{\"@type\":\"ImageObject\",\"inLanguage\":\"es\",\"@id\":\"http:\/\/centromaraspa.com\/blog\/#\/schema\/logo\/image\/\",\"url\":\"http:\/\/centromaraspa.com\/blog\/wp-content\/uploads\/mara-logo-ok.jpg\",\"contentUrl\":\"http:\/\/centromaraspa.com\/blog\/wp-content\/uploads\/mara-logo-ok.jpg\",\"width\":2244,\"height\":591,\"caption\":\"Centro Mara Spa\"},\"image\":{\"@id\":\"http:\/\/centromaraspa.com\/blog\/#\/schema\/logo\/image\/\"},\"sameAs\":[\"https:\/\/es-es.facebook.com\/MaraCentroDeTerapiasNaturales\/\"]},{\"@type\":\"Person\",\"@id\":\"http:\/\/centromaraspa.com\/blog\/#\/schema\/person\/2f349ac3c65d712deebf1c4d94942df0\",\"name\":\"Maribel\",\"image\":{\"@type\":\"ImageObject\",\"inLanguage\":\"es\",\"@id\":\"http:\/\/centromaraspa.com\/blog\/#\/schema\/person\/image\/\",\"url\":\"https:\/\/secure.gravatar.com\/avatar\/d334799165ac863bd272ac1a019ec33e?s=96&d=mm&r=g\",\"contentUrl\":\"https:\/\/secure.gravatar.com\/avatar\/d334799165ac863bd272ac1a019ec33e?s=96&d=mm&r=g\",\"caption\":\"Maribel\"},\"description\":\"Me encanta mi trabajo, el cual est\u00e1 dedicado a las terapias naturales y complementarias. Soy una estudiante incansable sobre todo aquello que tiene que ver con la psicolog\u00eda. Mi gran pasi\u00f3n es mi familia. Mi principal objetivo es conocerme a mi misma para vivir una vida m\u00e1s plena a todos los niveles.\",\"sameAs\":[\"http:\/\/www.centromaraspa.com\"]}]}<\/script>\n<!-- \/ Yoast SEO plugin. -->","yoast_head_json":{"title":"Centro Mara Spa BLOG - C\u00f3mo proteger la piel en el verano","description":"C\u00f3mo proteger la piel en el verano - El verano es la mejor estaci\u00f3n del a\u00f1o, definitivamente. Mar, sal y sol , especialmente sol! Lo mejor para ti es saber","robots":{"index":"index","follow":"follow","max-snippet":"max-snippet:-1","max-image-preview":"max-image-preview:large","max-video-preview":"max-video-preview:-1"},"canonical":"http:\/\/centromaraspa.com\/blog\/como-proteger-la-piel-en-el-verano-3\/","og_locale":"es_ES","og_type":"article","og_title":"Centro Mara Spa BLOG - C\u00f3mo proteger la piel en el verano","og_description":"C\u00f3mo proteger la piel en el verano - El verano es la mejor estaci\u00f3n del a\u00f1o, definitivamente. Mar, sal y sol , especialmente sol! Lo mejor para ti es saber","og_url":"http:\/\/centromaraspa.com\/blog\/como-proteger-la-piel-en-el-verano-3\/","og_site_name":"Centro Mara Spa BLOG","article_publisher":"https:\/\/es-es.facebook.com\/MaraCentroDeTerapiasNaturales\/","article_published_time":"2020-06-09T18:31:17+00:00","article_modified_time":"2020-06-18T22:33:54+00:00","og_image":[{"width":750,"height":500,"url":"http:\/\/centromaraspa.com\/blog\/wp-content\/uploads\/Portada-post-individual.jpg","type":"image\/jpeg"}],"author":"Maribel","twitter_card":"summary_large_image","twitter_misc":{"Escrito por":"Maribel","Tiempo de lectura":"2 minutos"},"schema":{"@context":"https:\/\/schema.org","@graph":[{"@type":"Article","@id":"http:\/\/centromaraspa.com\/blog\/como-proteger-la-piel-en-el-verano-3\/#article","isPartOf":{"@id":"http:\/\/centromaraspa.com\/blog\/como-proteger-la-piel-en-el-verano-3\/"},"author":{"name":"Maribel","@id":"http:\/\/centromaraspa.com\/blog\/#\/schema\/person\/2f349ac3c65d712deebf1c4d94942df0"},"headline":"C\u00f3mo proteger la piel en el verano","datePublished":"2020-06-09T18:31:17+00:00","dateModified":"2020-06-18T22:33:54+00:00","mainEntityOfPage":{"@id":"http:\/\/centromaraspa.com\/blog\/como-proteger-la-piel-en-el-verano-3\/"},"wordCount":423,"commentCount":2,"publisher":{"@id":"http:\/\/centromaraspa.com\/blog\/#organization"},"articleSection":["Belleza"],"inLanguage":"es","potentialAction":[{"@type":"CommentAction","name":"Comment","target":["http:\/\/centromaraspa.com\/blog\/como-proteger-la-piel-en-el-verano-3\/#respond"]}]},{"@type":"WebPage","@id":"http:\/\/centromaraspa.com\/blog\/como-proteger-la-piel-en-el-verano-3\/","url":"http:\/\/centromaraspa.com\/blog\/como-proteger-la-piel-en-el-verano-3\/","name":"Centro Mara Spa BLOG - C\u00f3mo proteger la piel en el verano","isPartOf":{"@id":"http:\/\/centromaraspa.com\/blog\/#website"},"datePublished":"2020-06-09T18:31:17+00:00","dateModified":"2020-06-18T22:33:54+00:00","description":"C\u00f3mo proteger la piel en el verano - El verano es la mejor estaci\u00f3n del a\u00f1o, definitivamente. Mar, sal y sol , especialmente sol! Lo mejor para ti es saber","breadcrumb":{"@id":"http:\/\/centromaraspa.com\/blog\/como-proteger-la-piel-en-el-verano-3\/#breadcrumb"},"inLanguage":"es","potentialAction":[{"@type":"ReadAction","target":["http:\/\/centromaraspa.com\/blog\/como-proteger-la-piel-en-el-verano-3\/"]}]},{"@type":"BreadcrumbList","@id":"http:\/\/centromaraspa.com\/blog\/como-proteger-la-piel-en-el-verano-3\/#breadcrumb","itemListElement":[{"@type":"ListItem","position":1,"name":"Inicio","item":"http:\/\/centromaraspa.com\/blog\/"},{"@type":"ListItem","position":2,"name":"Belleza","item":"http:\/\/centromaraspa.com\/blog\/belleza\/"},{"@type":"ListItem","position":3,"name":"C\u00f3mo proteger la piel en el verano"}]},{"@type":"WebSite","@id":"http:\/\/centromaraspa.com\/blog\/#website","url":"http:\/\/centromaraspa.com\/blog\/","name":"Centro Mara Spa BLOG","description":"Centro Mara Spa Blog Salud y Belleza","publisher":{"@id":"http:\/\/centromaraspa.com\/blog\/#organization"},"potentialAction":[{"@type":"SearchAction","target":{"@type":"EntryPoint","urlTemplate":"http:\/\/centromaraspa.com\/blog\/?s={search_term_string}"},"query-input":"required name=search_term_string"}],"inLanguage":"es"},{"@type":"Organization","@id":"http:\/\/centromaraspa.com\/blog\/#organization","name":"Centro Mara Spa","url":"http:\/\/centromaraspa.com\/blog\/","logo":{"@type":"ImageObject","inLanguage":"es","@id":"http:\/\/centromaraspa.com\/blog\/#\/schema\/logo\/image\/","url":"http:\/\/centromaraspa.com\/blog\/wp-content\/uploads\/mara-logo-ok.jpg","contentUrl":"http:\/\/centromaraspa.com\/blog\/wp-content\/uploads\/mara-logo-ok.jpg","width":2244,"height":591,"caption":"Centro Mara Spa"},"image":{"@id":"http:\/\/centromaraspa.com\/blog\/#\/schema\/logo\/image\/"},"sameAs":["https:\/\/es-es.facebook.com\/MaraCentroDeTerapiasNaturales\/"]},{"@type":"Person","@id":"http:\/\/centromaraspa.com\/blog\/#\/schema\/person\/2f349ac3c65d712deebf1c4d94942df0","name":"Maribel","image":{"@type":"ImageObject","inLanguage":"es","@id":"http:\/\/centromaraspa.com\/blog\/#\/schema\/person\/image\/","url":"https:\/\/secure.gravatar.com\/avatar\/d334799165ac863bd272ac1a019ec33e?s=96&d=mm&r=g","contentUrl":"https:\/\/secure.gravatar.com\/avatar\/d334799165ac863bd272ac1a019ec33e?s=96&d=mm&r=g","caption":"Maribel"},"description":"Me encanta mi trabajo, el cual est\u00e1 dedicado a las terapias naturales y complementarias. Soy una estudiante incansable sobre todo aquello que tiene que ver con la psicolog\u00eda. Mi gran pasi\u00f3n es mi familia. Mi principal objetivo es conocerme a mi misma para vivir una vida m\u00e1s plena a todos los niveles.","sameAs":["http:\/\/www.centromaraspa.com"]}]}},"_links":{"self":[{"href":"https:\/\/centromaraspa.com\/blog\/wp-json\/wp\/v2\/posts\/107"}],"collection":[{"href":"https:\/\/centromaraspa.com\/blog\/wp-json\/wp\/v2\/posts"}],"about":[{"href":"https:\/\/centromaraspa.com\/blog\/wp-json\/wp\/v2\/types\/post"}],"author":[{"embeddable":true,"href":"https:\/\/centromaraspa.com\/blog\/wp-json\/wp\/v2\/users\/2"}],"replies":[{"embeddable":true,"href":"https:\/\/centromaraspa.com\/blog\/wp-json\/wp\/v2\/comments?post=107"}],"version-history":[{"count":0,"href":"https:\/\/centromaraspa.com\/blog\/wp-json\/wp\/v2\/posts\/107\/revisions"}],"wp:featuredmedia":[{"embeddable":true,"href":"https:\/\/centromaraspa.com\/blog\/wp-json\/wp\/v2\/media\/40"}],"wp:attachment":[{"href":"https:\/\/centromaraspa.com\/blog\/wp-json\/wp\/v2\/media?parent=107"}],"wp:term":[{"taxonomy":"category","embeddable":true,"href":"https:\/\/centromaraspa.com\/blog\/wp-json\/wp\/v2\/categories?post=107"},{"taxonomy":"post_tag","embeddable":true,"href":"https:\/\/centromaraspa.com\/blog\/wp-json\/wp\/v2\/tags?post=107"}],"curies":[{"name":"wp","href":"https:\/\/api.w.org\/{rel}","templated":true}]}}