{"id":654,"date":"2021-05-02T14:10:38","date_gmt":"2021-05-02T13:10:38","guid":{"rendered":"http:\/\/centromaraspa.com\/blog\/?p=654"},"modified":"2021-05-02T14:28:13","modified_gmt":"2021-05-02T13:28:13","slug":"las-madres-del-presente-del-pasado-y-del-futuro","status":"publish","type":"post","link":"https:\/\/centromaraspa.com\/blog\/las-madres-del-presente-del-pasado-y-del-futuro\/","title":{"rendered":"Las Madres del presente del pasado y del futuro"},"content":{"rendered":"\n<h2><\/h2>\n\n\n\n<h2>Dedicado a todas las madres, las que est\u00e1n y las que ya no est\u00e1n con nosotros pero siguen en nuestro coraz\u00f3n<\/h2>\n\n\n\n<p>Hoy honramos a todas las madres, honramos su energ\u00eda, la cual lleva impl\u00edcita la creatividad, la fertilidad que viene del Universo. Las madres representan el comienzo de la vida, la nutrici\u00f3n, la protecci\u00f3n, la esperanza y la alegr\u00eda. Ser madre no solo significa criar y satisfacer las necesidades f\u00edsicas, tambi\u00e9n representa la nutrici\u00f3n y desarrollo espiritual de las personas.<\/p>\n\n\n\n<h2>Las madres del pasado<\/h2>\n\n\n\n<p>Los or\u00edgenes de la celebraci\u00f3n del d\u00eda de la madre, provienen de tiempos remotos, en Egipto, la diosa Isis era objeto de culto, se conoc\u00eda como la \u201cGran Madre\u201d. En la antigua Grecia era la diosa \u201cRea\u201d madre de los dioses del Olimpo. En el imperio Romano la diosa Cibeles, la Diosa Madre.<\/p>\n\n\n\n<p><\/p>\n\n\n\n<p>El viejo culto de las Diosas, fue transformado en Europa por el catolicismo, que traslad\u00f3 a la Virgen Mar\u00eda; madre de Jes\u00fas de Nazaret esa celebraci\u00f3n. El papa Pio IX, declar\u00f3 la fiesta del d\u00eda de la madre el d\u00eda 8 de diciembre en el 1954. En Espa\u00f1a, el D\u00eda de la Madre se celebraba el 8 de diciembre, d\u00eda de la Inmaculada Concepci\u00f3n. Fue a ra\u00edz de la declaraci\u00f3n oficial de Woodrow Wilson, vig\u00e9simo octavo presidente de Estados Unidos, cuando se plante\u00f3 el cambio de celebraciones: el 8 de diciembre la Inmaculada Concepci\u00f3n y el D\u00eda de la Madre el primer domingo de mayo, tal y como lo conocemos actualmente.<\/p>\n\n\n\n<h2>Aprovecha los momentos del presente para compartir y disfrutar de tu madre<\/h2>\n\n\n\n<p>La celebraci\u00f3n del d\u00eda de la madre, no deber\u00eda circunscribirse solo a ese d\u00eda, todos los d\u00edas deben ser una ocasi\u00f3n para celebrar, pero as\u00ed somos los seres humanos, necesitamos un d\u00eda que simbolice los momentos importantes. Aprovecha los momentos que puedas y disfruta de su compa\u00f1\u00eda. Pero no olvides que una madre cuando no est\u00e1 f\u00edsicamente, seguir\u00e1 estando en nuestro coraz\u00f3n y seguir\u00e1 nutriendo nuestra alma. Todos\/as los que ya no tenemos a nuestra madre en estos momentos, sabemos lo importante que es vivir y saborear cada instante que nos regala la vida a su lado.<\/p>\n\n\n\n<p class=\"has-text-align-right\">                                                                                                                          Maribel Garc\u00eda Garc\u00eda                                                                      <\/p>\n\n\n\n<p class=\"has-text-align-right\">                                  Pintura de la pintora Alicantina Fina Reche Garcia<\/p>\n","protected":false},"excerpt":{"rendered":"<p>Dedicado a todas las madres, las que est\u00e1n y las que ya no est\u00e1n con nosotros pero siguen en nuestro coraz\u00f3n Hoy honramos a todas las madres, honramos su energ\u00eda, la cual lleva impl\u00edcita la creatividad, la fertilidad que viene del Universo. Las madres representan el comienzo de la vida, la nutrici\u00f3n, la protecci\u00f3n, la &hellip;<\/p>\n<p class=\"read-more\"> <a class=\"\" href=\"https:\/\/centromaraspa.com\/blog\/las-madres-del-presente-del-pasado-y-del-futuro\/\"> <span class=\"screen-reader-text\">Las Madres del presente del pasado y del futuro<\/span> Leer m\u00e1s &raquo;<\/a><\/p>\n","protected":false},"author":2,"featured_media":656,"comment_status":"open","ping_status":"closed","sticky":false,"template":"","format":"standard","meta":{"_monsterinsights_skip_tracking":false,"_monsterinsights_sitenote_active":false,"_monsterinsights_sitenote_note":"","_monsterinsights_sitenote_category":0,"site-sidebar-layout":"default","site-content-layout":"default","ast-global-header-display":"","ast-main-header-display":"","ast-hfb-above-header-display":"","ast-hfb-below-header-display":"","ast-hfb-mobile-header-display":"","site-post-title":"","ast-breadcrumbs-content":"","ast-featured-img":"","footer-sml-layout":"","theme-transparent-header-meta":"default","adv-header-id-meta":"","stick-header-meta":"","header-above-stick-meta":"","header-main-stick-meta":"","header-below-stick-meta":""},"categories":[19],"tags":[],"yoast_head":"<!-- This site is optimized with the Yoast SEO plugin v20.1 - https:\/\/yoast.com\/wordpress\/plugins\/seo\/ -->\n<title>Centro Mara Spa BLOG - Las Madres del presente del pasado y del futuro<\/title>\n<meta name=\"description\" content=\"Las Madres del presente del pasado y del futuro - Dedicado a todas las madres, las que est\u00e1n, y las que ya no est\u00e1n con nosotros.....\" \/>\n<meta name=\"robots\" content=\"index, follow, max-snippet:-1, max-image-preview:large, max-video-preview:-1\" \/>\n<link rel=\"canonical\" href=\"http:\/\/centromaraspa.com\/blog\/las-madres-del-presente-del-pasado-y-del-futuro\/\" \/>\n<meta property=\"og:locale\" content=\"es_ES\" \/>\n<meta property=\"og:type\" content=\"article\" \/>\n<meta property=\"og:title\" content=\"Centro Mara Spa BLOG - Las Madres del presente del pasado y del futuro\" \/>\n<meta property=\"og:description\" content=\"Las Madres del presente del pasado y del futuro - Dedicado a todas las madres, las que est\u00e1n, y las que ya no est\u00e1n con nosotros.....\" \/>\n<meta property=\"og:url\" content=\"http:\/\/centromaraspa.com\/blog\/las-madres-del-presente-del-pasado-y-del-futuro\/\" \/>\n<meta property=\"og:site_name\" content=\"Centro Mara Spa BLOG\" \/>\n<meta property=\"article:publisher\" content=\"https:\/\/es-es.facebook.com\/MaraCentroDeTerapiasNaturales\/\" \/>\n<meta property=\"article:published_time\" content=\"2021-05-02T13:10:38+00:00\" \/>\n<meta property=\"article:modified_time\" content=\"2021-05-02T13:28:13+00:00\" \/>\n<meta property=\"og:image\" content=\"http:\/\/centromaraspa.com\/blog\/wp-content\/uploads\/Imagen-del-dia-de-la-madre.jpg\" \/>\n\t<meta property=\"og:image:width\" content=\"750\" \/>\n\t<meta property=\"og:image:height\" content=\"500\" \/>\n\t<meta property=\"og:image:type\" content=\"image\/jpeg\" \/>\n<meta name=\"author\" content=\"Maribel\" \/>\n<meta name=\"twitter:card\" content=\"summary_large_image\" \/>\n<meta name=\"twitter:label1\" content=\"Escrito por\" \/>\n\t<meta name=\"twitter:data1\" content=\"Maribel\" \/>\n\t<meta name=\"twitter:label2\" content=\"Tiempo de lectura\" \/>\n\t<meta name=\"twitter:data2\" content=\"2 minutos\" \/>\n<script type=\"application\/ld+json\" class=\"yoast-schema-graph\">{\"@context\":\"https:\/\/schema.org\",\"@graph\":[{\"@type\":\"Article\",\"@id\":\"http:\/\/centromaraspa.com\/blog\/las-madres-del-presente-del-pasado-y-del-futuro\/#article\",\"isPartOf\":{\"@id\":\"http:\/\/centromaraspa.com\/blog\/las-madres-del-presente-del-pasado-y-del-futuro\/\"},\"author\":{\"name\":\"Maribel\",\"@id\":\"http:\/\/centromaraspa.com\/blog\/#\/schema\/person\/2f349ac3c65d712deebf1c4d94942df0\"},\"headline\":\"Las Madres del presente del pasado y del futuro\",\"datePublished\":\"2021-05-02T13:10:38+00:00\",\"dateModified\":\"2021-05-02T13:28:13+00:00\",\"mainEntityOfPage\":{\"@id\":\"http:\/\/centromaraspa.com\/blog\/las-madres-del-presente-del-pasado-y-del-futuro\/\"},\"wordCount\":415,\"commentCount\":0,\"publisher\":{\"@id\":\"http:\/\/centromaraspa.com\/blog\/#organization\"},\"articleSection\":[\"Ocio\"],\"inLanguage\":\"es\",\"potentialAction\":[{\"@type\":\"CommentAction\",\"name\":\"Comment\",\"target\":[\"http:\/\/centromaraspa.com\/blog\/las-madres-del-presente-del-pasado-y-del-futuro\/#respond\"]}]},{\"@type\":\"WebPage\",\"@id\":\"http:\/\/centromaraspa.com\/blog\/las-madres-del-presente-del-pasado-y-del-futuro\/\",\"url\":\"http:\/\/centromaraspa.com\/blog\/las-madres-del-presente-del-pasado-y-del-futuro\/\",\"name\":\"Centro Mara Spa BLOG - Las Madres del presente del pasado y del futuro\",\"isPartOf\":{\"@id\":\"http:\/\/centromaraspa.com\/blog\/#website\"},\"datePublished\":\"2021-05-02T13:10:38+00:00\",\"dateModified\":\"2021-05-02T13:28:13+00:00\",\"description\":\"Las Madres del presente del pasado y del futuro - Dedicado a todas las madres, las que est\u00e1n, y las que ya no est\u00e1n con nosotros.....\",\"breadcrumb\":{\"@id\":\"http:\/\/centromaraspa.com\/blog\/las-madres-del-presente-del-pasado-y-del-futuro\/#breadcrumb\"},\"inLanguage\":\"es\",\"potentialAction\":[{\"@type\":\"ReadAction\",\"target\":[\"http:\/\/centromaraspa.com\/blog\/las-madres-del-presente-del-pasado-y-del-futuro\/\"]}]},{\"@type\":\"BreadcrumbList\",\"@id\":\"http:\/\/centromaraspa.com\/blog\/las-madres-del-presente-del-pasado-y-del-futuro\/#breadcrumb\",\"itemListElement\":[{\"@type\":\"ListItem\",\"position\":1,\"name\":\"Inicio\",\"item\":\"http:\/\/centromaraspa.com\/blog\/\"},{\"@type\":\"ListItem\",\"position\":2,\"name\":\"Ocio\",\"item\":\"http:\/\/centromaraspa.com\/blog\/ocio\/\"},{\"@type\":\"ListItem\",\"position\":3,\"name\":\"Las Madres del presente del pasado y del futuro\"}]},{\"@type\":\"WebSite\",\"@id\":\"http:\/\/centromaraspa.com\/blog\/#website\",\"url\":\"http:\/\/centromaraspa.com\/blog\/\",\"name\":\"Centro Mara Spa BLOG\",\"description\":\"Centro Mara Spa Blog Salud y Belleza\",\"publisher\":{\"@id\":\"http:\/\/centromaraspa.com\/blog\/#organization\"},\"potentialAction\":[{\"@type\":\"SearchAction\",\"target\":{\"@type\":\"EntryPoint\",\"urlTemplate\":\"http:\/\/centromaraspa.com\/blog\/?s={search_term_string}\"},\"query-input\":\"required name=search_term_string\"}],\"inLanguage\":\"es\"},{\"@type\":\"Organization\",\"@id\":\"http:\/\/centromaraspa.com\/blog\/#organization\",\"name\":\"Centro Mara Spa\",\"url\":\"http:\/\/centromaraspa.com\/blog\/\",\"logo\":{\"@type\":\"ImageObject\",\"inLanguage\":\"es\",\"@id\":\"http:\/\/centromaraspa.com\/blog\/#\/schema\/logo\/image\/\",\"url\":\"http:\/\/centromaraspa.com\/blog\/wp-content\/uploads\/mara-logo-ok.jpg\",\"contentUrl\":\"http:\/\/centromaraspa.com\/blog\/wp-content\/uploads\/mara-logo-ok.jpg\",\"width\":2244,\"height\":591,\"caption\":\"Centro Mara Spa\"},\"image\":{\"@id\":\"http:\/\/centromaraspa.com\/blog\/#\/schema\/logo\/image\/\"},\"sameAs\":[\"https:\/\/es-es.facebook.com\/MaraCentroDeTerapiasNaturales\/\"]},{\"@type\":\"Person\",\"@id\":\"http:\/\/centromaraspa.com\/blog\/#\/schema\/person\/2f349ac3c65d712deebf1c4d94942df0\",\"name\":\"Maribel\",\"image\":{\"@type\":\"ImageObject\",\"inLanguage\":\"es\",\"@id\":\"http:\/\/centromaraspa.com\/blog\/#\/schema\/person\/image\/\",\"url\":\"https:\/\/secure.gravatar.com\/avatar\/d334799165ac863bd272ac1a019ec33e?s=96&d=mm&r=g\",\"contentUrl\":\"https:\/\/secure.gravatar.com\/avatar\/d334799165ac863bd272ac1a019ec33e?s=96&d=mm&r=g\",\"caption\":\"Maribel\"},\"description\":\"Me encanta mi trabajo, el cual est\u00e1 dedicado a las terapias naturales y complementarias. Soy una estudiante incansable sobre todo aquello que tiene que ver con la psicolog\u00eda. Mi gran pasi\u00f3n es mi familia. Mi principal objetivo es conocerme a mi misma para vivir una vida m\u00e1s plena a todos los niveles.\",\"sameAs\":[\"http:\/\/www.centromaraspa.com\"]}]}<\/script>\n<!-- \/ Yoast SEO plugin. -->","yoast_head_json":{"title":"Centro Mara Spa BLOG - Las Madres del presente del pasado y del futuro","description":"Las Madres del presente del pasado y del futuro - Dedicado a todas las madres, las que est\u00e1n, y las que ya no est\u00e1n con nosotros.....","robots":{"index":"index","follow":"follow","max-snippet":"max-snippet:-1","max-image-preview":"max-image-preview:large","max-video-preview":"max-video-preview:-1"},"canonical":"http:\/\/centromaraspa.com\/blog\/las-madres-del-presente-del-pasado-y-del-futuro\/","og_locale":"es_ES","og_type":"article","og_title":"Centro Mara Spa BLOG - Las Madres del presente del pasado y del futuro","og_description":"Las Madres del presente del pasado y del futuro - Dedicado a todas las madres, las que est\u00e1n, y las que ya no est\u00e1n con nosotros.....","og_url":"http:\/\/centromaraspa.com\/blog\/las-madres-del-presente-del-pasado-y-del-futuro\/","og_site_name":"Centro Mara Spa BLOG","article_publisher":"https:\/\/es-es.facebook.com\/MaraCentroDeTerapiasNaturales\/","article_published_time":"2021-05-02T13:10:38+00:00","article_modified_time":"2021-05-02T13:28:13+00:00","og_image":[{"width":750,"height":500,"url":"http:\/\/centromaraspa.com\/blog\/wp-content\/uploads\/Imagen-del-dia-de-la-madre.jpg","type":"image\/jpeg"}],"author":"Maribel","twitter_card":"summary_large_image","twitter_misc":{"Escrito por":"Maribel","Tiempo de lectura":"2 minutos"},"schema":{"@context":"https:\/\/schema.org","@graph":[{"@type":"Article","@id":"http:\/\/centromaraspa.com\/blog\/las-madres-del-presente-del-pasado-y-del-futuro\/#article","isPartOf":{"@id":"http:\/\/centromaraspa.com\/blog\/las-madres-del-presente-del-pasado-y-del-futuro\/"},"author":{"name":"Maribel","@id":"http:\/\/centromaraspa.com\/blog\/#\/schema\/person\/2f349ac3c65d712deebf1c4d94942df0"},"headline":"Las Madres del presente del pasado y del futuro","datePublished":"2021-05-02T13:10:38+00:00","dateModified":"2021-05-02T13:28:13+00:00","mainEntityOfPage":{"@id":"http:\/\/centromaraspa.com\/blog\/las-madres-del-presente-del-pasado-y-del-futuro\/"},"wordCount":415,"commentCount":0,"publisher":{"@id":"http:\/\/centromaraspa.com\/blog\/#organization"},"articleSection":["Ocio"],"inLanguage":"es","potentialAction":[{"@type":"CommentAction","name":"Comment","target":["http:\/\/centromaraspa.com\/blog\/las-madres-del-presente-del-pasado-y-del-futuro\/#respond"]}]},{"@type":"WebPage","@id":"http:\/\/centromaraspa.com\/blog\/las-madres-del-presente-del-pasado-y-del-futuro\/","url":"http:\/\/centromaraspa.com\/blog\/las-madres-del-presente-del-pasado-y-del-futuro\/","name":"Centro Mara Spa BLOG - Las Madres del presente del pasado y del futuro","isPartOf":{"@id":"http:\/\/centromaraspa.com\/blog\/#website"},"datePublished":"2021-05-02T13:10:38+00:00","dateModified":"2021-05-02T13:28:13+00:00","description":"Las Madres del presente del pasado y del futuro - Dedicado a todas las madres, las que est\u00e1n, y las que ya no est\u00e1n con nosotros.....","breadcrumb":{"@id":"http:\/\/centromaraspa.com\/blog\/las-madres-del-presente-del-pasado-y-del-futuro\/#breadcrumb"},"inLanguage":"es","potentialAction":[{"@type":"ReadAction","target":["http:\/\/centromaraspa.com\/blog\/las-madres-del-presente-del-pasado-y-del-futuro\/"]}]},{"@type":"BreadcrumbList","@id":"http:\/\/centromaraspa.com\/blog\/las-madres-del-presente-del-pasado-y-del-futuro\/#breadcrumb","itemListElement":[{"@type":"ListItem","position":1,"name":"Inicio","item":"http:\/\/centromaraspa.com\/blog\/"},{"@type":"ListItem","position":2,"name":"Ocio","item":"http:\/\/centromaraspa.com\/blog\/ocio\/"},{"@type":"ListItem","position":3,"name":"Las Madres del presente del pasado y del futuro"}]},{"@type":"WebSite","@id":"http:\/\/centromaraspa.com\/blog\/#website","url":"http:\/\/centromaraspa.com\/blog\/","name":"Centro Mara Spa BLOG","description":"Centro Mara Spa Blog Salud y Belleza","publisher":{"@id":"http:\/\/centromaraspa.com\/blog\/#organization"},"potentialAction":[{"@type":"SearchAction","target":{"@type":"EntryPoint","urlTemplate":"http:\/\/centromaraspa.com\/blog\/?s={search_term_string}"},"query-input":"required name=search_term_string"}],"inLanguage":"es"},{"@type":"Organization","@id":"http:\/\/centromaraspa.com\/blog\/#organization","name":"Centro Mara Spa","url":"http:\/\/centromaraspa.com\/blog\/","logo":{"@type":"ImageObject","inLanguage":"es","@id":"http:\/\/centromaraspa.com\/blog\/#\/schema\/logo\/image\/","url":"http:\/\/centromaraspa.com\/blog\/wp-content\/uploads\/mara-logo-ok.jpg","contentUrl":"http:\/\/centromaraspa.com\/blog\/wp-content\/uploads\/mara-logo-ok.jpg","width":2244,"height":591,"caption":"Centro Mara Spa"},"image":{"@id":"http:\/\/centromaraspa.com\/blog\/#\/schema\/logo\/image\/"},"sameAs":["https:\/\/es-es.facebook.com\/MaraCentroDeTerapiasNaturales\/"]},{"@type":"Person","@id":"http:\/\/centromaraspa.com\/blog\/#\/schema\/person\/2f349ac3c65d712deebf1c4d94942df0","name":"Maribel","image":{"@type":"ImageObject","inLanguage":"es","@id":"http:\/\/centromaraspa.com\/blog\/#\/schema\/person\/image\/","url":"https:\/\/secure.gravatar.com\/avatar\/d334799165ac863bd272ac1a019ec33e?s=96&d=mm&r=g","contentUrl":"https:\/\/secure.gravatar.com\/avatar\/d334799165ac863bd272ac1a019ec33e?s=96&d=mm&r=g","caption":"Maribel"},"description":"Me encanta mi trabajo, el cual est\u00e1 dedicado a las terapias naturales y complementarias. Soy una estudiante incansable sobre todo aquello que tiene que ver con la psicolog\u00eda. Mi gran pasi\u00f3n es mi familia. Mi principal objetivo es conocerme a mi misma para vivir una vida m\u00e1s plena a todos los niveles.","sameAs":["http:\/\/www.centromaraspa.com"]}]}},"_links":{"self":[{"href":"https:\/\/centromaraspa.com\/blog\/wp-json\/wp\/v2\/posts\/654"}],"collection":[{"href":"https:\/\/centromaraspa.com\/blog\/wp-json\/wp\/v2\/posts"}],"about":[{"href":"https:\/\/centromaraspa.com\/blog\/wp-json\/wp\/v2\/types\/post"}],"author":[{"embeddable":true,"href":"https:\/\/centromaraspa.com\/blog\/wp-json\/wp\/v2\/users\/2"}],"replies":[{"embeddable":true,"href":"https:\/\/centromaraspa.com\/blog\/wp-json\/wp\/v2\/comments?post=654"}],"version-history":[{"count":0,"href":"https:\/\/centromaraspa.com\/blog\/wp-json\/wp\/v2\/posts\/654\/revisions"}],"wp:featuredmedia":[{"embeddable":true,"href":"https:\/\/centromaraspa.com\/blog\/wp-json\/wp\/v2\/media\/656"}],"wp:attachment":[{"href":"https:\/\/centromaraspa.com\/blog\/wp-json\/wp\/v2\/media?parent=654"}],"wp:term":[{"taxonomy":"category","embeddable":true,"href":"https:\/\/centromaraspa.com\/blog\/wp-json\/wp\/v2\/categories?post=654"},{"taxonomy":"post_tag","embeddable":true,"href":"https:\/\/centromaraspa.com\/blog\/wp-json\/wp\/v2\/tags?post=654"}],"curies":[{"name":"wp","href":"https:\/\/api.w.org\/{rel}","templated":true}]}}